{"id":4445,"date":"2023-06-26T13:55:53","date_gmt":"2023-06-26T11:55:53","guid":{"rendered":"https:\/\/dev.digitecmedia.com\/spamovil\/?p=4445"},"modified":"2023-07-24T10:50:38","modified_gmt":"2023-07-24T08:50:38","slug":"mini","status":"publish","type":"post","link":"https:\/\/dev.digitecmedia.com\/spamovil\/mini\/","title":{"rendered":"MINI"},"content":{"rendered":"<h4>EL MINI COOPER 3 PUERTAS HACIENDO HISTORIA DESDE 1959.<\/h4>\n<p>M\u00e1ximo espacio interior en el m\u00ednimo espacio &#8211; Sir Alec Issigonis escribi\u00f3 la historia del autom\u00f3vil en 1959 con este sencillo, pero ingenioso concepto de veh\u00edculo. La versi\u00f3n moderna del MINI 3 puertas tambi\u00e9n rompe con las convenciones siguiendo la misma l\u00ednea, se reinventa una y otra vez y destaca entre la multitud con su dise\u00f1o \u00fanico. En 2013, MINI present\u00f3 por primera vez la reinterpretaci\u00f3n actual del compacto de 3 puertas, que est\u00e1 disponible en todo el mundo desde 2014 y se ha mantenido fiel a s\u00ed mismo durante todos estos a\u00f1os.<\/p>\n<p>Ahora, en 2023, el veh\u00edculo un mill\u00f3n del ic\u00f3nico modelo saldr\u00e1 de la l\u00ednea de producci\u00f3n de la planta de MINI en Oxford y se entregar\u00e1 en Canad\u00e1 con pintura British Racing Green.<\/p>\n","protected":false},"excerpt":{"rendered":"<p>EL MINI COOPER 3 PUERTAS HACIENDO HISTORIA DESDE 1959. M\u00e1ximo espacio interior en el m\u00ednimo espacio &#8211; Sir Alec Issigonis escribi\u00f3 la historia del autom\u00f3vil en 1959 con este sencillo, pero ingenioso concepto de veh\u00edculo. La versi\u00f3n moderna del MINI 3 puertas tambi\u00e9n rompe con las convenciones siguiendo la misma l\u00ednea, se reinventa una y otra vez y destaca entre&hellip;<\/p>\n","protected":false},"author":5,"featured_media":5273,"comment_status":"closed","ping_status":"closed","sticky":false,"template":"","format":"standard","meta":[],"categories":[218],"tags":[],"yoast_head":"<!-- This site is optimized with the Yoast SEO plugin v20.11 - https:\/\/yoast.com\/wordpress\/plugins\/seo\/ -->\n<title>MINI - Spamovil<\/title>\n<meta name=\"robots\" content=\"noindex, follow, max-snippet:-1, max-image-preview:large, max-video-preview:-1\" \/>\n<meta property=\"og:locale\" content=\"es_ES\" \/>\n<meta property=\"og:type\" content=\"article\" \/>\n<meta property=\"og:title\" content=\"MINI - Spamovil\" \/>\n<meta property=\"og:description\" content=\"EL MINI COOPER 3 PUERTAS HACIENDO HISTORIA DESDE 1959. M\u00e1ximo espacio interior en el m\u00ednimo espacio &#8211; Sir Alec Issigonis escribi\u00f3 la historia del autom\u00f3vil en 1959 con este sencillo, pero ingenioso concepto de veh\u00edculo. La versi\u00f3n moderna del MINI 3 puertas tambi\u00e9n rompe con las convenciones siguiendo la misma l\u00ednea, se reinventa una y otra vez y destaca entre&hellip;\" \/>\n<meta property=\"og:url\" content=\"https:\/\/dev.digitecmedia.com\/spamovil\/mini\/\" \/>\n<meta property=\"og:site_name\" content=\"Spamovil\" \/>\n<meta property=\"article:published_time\" content=\"2023-06-26T11:55:53+00:00\" \/>\n<meta property=\"article:modified_time\" content=\"2023-07-24T08:50:38+00:00\" \/>\n<meta property=\"og:image\" content=\"https:\/\/dev.digitecmedia.com\/spamovil\/wp-content\/uploads\/2023\/06\/mini-coche.jpg\" \/>\n\t<meta property=\"og:image:width\" content=\"571\" \/>\n\t<meta property=\"og:image:height\" content=\"323\" \/>\n\t<meta property=\"og:image:type\" content=\"image\/jpeg\" \/>\n<meta name=\"author\" content=\"desarrollo\" \/>\n<meta name=\"twitter:card\" content=\"summary_large_image\" \/>\n<meta name=\"twitter:label1\" content=\"Escrito por\" \/>\n\t<meta name=\"twitter:data1\" content=\"desarrollo\" \/>\n\t<meta name=\"twitter:label2\" content=\"Tiempo de lectura\" \/>\n\t<meta name=\"twitter:data2\" content=\"1 minuto\" \/>\n<script type=\"application\/ld+json\" class=\"yoast-schema-graph\">{\"@context\":\"https:\/\/schema.org\",\"@graph\":[{\"@type\":\"WebPage\",\"@id\":\"https:\/\/dev.digitecmedia.com\/spamovil\/mini\/\",\"url\":\"https:\/\/dev.digitecmedia.com\/spamovil\/mini\/\",\"name\":\"MINI - Spamovil\",\"isPartOf\":{\"@id\":\"https:\/\/dev.digitecmedia.com\/spamovil\/#website\"},\"datePublished\":\"2023-06-26T11:55:53+00:00\",\"dateModified\":\"2023-07-24T08:50:38+00:00\",\"author\":{\"@id\":\"https:\/\/dev.digitecmedia.com\/spamovil\/#\/schema\/person\/cd32bca60b0120da23d2d92e0c64c22d\"},\"breadcrumb\":{\"@id\":\"https:\/\/dev.digitecmedia.com\/spamovil\/mini\/#breadcrumb\"},\"inLanguage\":\"es\",\"potentialAction\":[{\"@type\":\"ReadAction\",\"target\":[\"https:\/\/dev.digitecmedia.com\/spamovil\/mini\/\"]}]},{\"@type\":\"BreadcrumbList\",\"@id\":\"https:\/\/dev.digitecmedia.com\/spamovil\/mini\/#breadcrumb\",\"itemListElement\":[{\"@type\":\"ListItem\",\"position\":1,\"name\":\"Portada\",\"item\":\"https:\/\/dev.digitecmedia.com\/spamovil\/\"},{\"@type\":\"ListItem\",\"position\":2,\"name\":\"MINI\"}]},{\"@type\":\"WebSite\",\"@id\":\"https:\/\/dev.digitecmedia.com\/spamovil\/#website\",\"url\":\"https:\/\/dev.digitecmedia.com\/spamovil\/\",\"name\":\"Spamovil\",\"description\":\"BMW Service\",\"potentialAction\":[{\"@type\":\"SearchAction\",\"target\":{\"@type\":\"EntryPoint\",\"urlTemplate\":\"https:\/\/dev.digitecmedia.com\/spamovil\/?s={search_term_string}\"},\"query-input\":\"required name=search_term_string\"}],\"inLanguage\":\"es\"},{\"@type\":\"Person\",\"@id\":\"https:\/\/dev.digitecmedia.com\/spamovil\/#\/schema\/person\/cd32bca60b0120da23d2d92e0c64c22d\",\"name\":\"desarrollo\",\"image\":{\"@type\":\"ImageObject\",\"inLanguage\":\"es\",\"@id\":\"https:\/\/dev.digitecmedia.com\/spamovil\/#\/schema\/person\/image\/\",\"url\":\"https:\/\/secure.gravatar.com\/avatar\/69863194937911436a534158dbd065cc?s=96&d=mm&r=g\",\"contentUrl\":\"https:\/\/secure.gravatar.com\/avatar\/69863194937911436a534158dbd065cc?s=96&d=mm&r=g\",\"caption\":\"desarrollo\"},\"url\":\"https:\/\/dev.digitecmedia.com\/spamovil\/author\/desarrollo\/\"}]}<\/script>\n<!-- \/ Yoast SEO plugin. -->","yoast_head_json":{"title":"MINI - Spamovil","robots":{"index":"noindex","follow":"follow","max-snippet":"max-snippet:-1","max-image-preview":"max-image-preview:large","max-video-preview":"max-video-preview:-1"},"og_locale":"es_ES","og_type":"article","og_title":"MINI - Spamovil","og_description":"EL MINI COOPER 3 PUERTAS HACIENDO HISTORIA DESDE 1959. M\u00e1ximo espacio interior en el m\u00ednimo espacio &#8211; Sir Alec Issigonis escribi\u00f3 la historia del autom\u00f3vil en 1959 con este sencillo, pero ingenioso concepto de veh\u00edculo. La versi\u00f3n moderna del MINI 3 puertas tambi\u00e9n rompe con las convenciones siguiendo la misma l\u00ednea, se reinventa una y otra vez y destaca entre&hellip;","og_url":"https:\/\/dev.digitecmedia.com\/spamovil\/mini\/","og_site_name":"Spamovil","article_published_time":"2023-06-26T11:55:53+00:00","article_modified_time":"2023-07-24T08:50:38+00:00","og_image":[{"width":571,"height":323,"url":"https:\/\/dev.digitecmedia.com\/spamovil\/wp-content\/uploads\/2023\/06\/mini-coche.jpg","type":"image\/jpeg"}],"author":"desarrollo","twitter_card":"summary_large_image","twitter_misc":{"Escrito por":"desarrollo","Tiempo de lectura":"1 minuto"},"schema":{"@context":"https:\/\/schema.org","@graph":[{"@type":"WebPage","@id":"https:\/\/dev.digitecmedia.com\/spamovil\/mini\/","url":"https:\/\/dev.digitecmedia.com\/spamovil\/mini\/","name":"MINI - Spamovil","isPartOf":{"@id":"https:\/\/dev.digitecmedia.com\/spamovil\/#website"},"datePublished":"2023-06-26T11:55:53+00:00","dateModified":"2023-07-24T08:50:38+00:00","author":{"@id":"https:\/\/dev.digitecmedia.com\/spamovil\/#\/schema\/person\/cd32bca60b0120da23d2d92e0c64c22d"},"breadcrumb":{"@id":"https:\/\/dev.digitecmedia.com\/spamovil\/mini\/#breadcrumb"},"inLanguage":"es","potentialAction":[{"@type":"ReadAction","target":["https:\/\/dev.digitecmedia.com\/spamovil\/mini\/"]}]},{"@type":"BreadcrumbList","@id":"https:\/\/dev.digitecmedia.com\/spamovil\/mini\/#breadcrumb","itemListElement":[{"@type":"ListItem","position":1,"name":"Portada","item":"https:\/\/dev.digitecmedia.com\/spamovil\/"},{"@type":"ListItem","position":2,"name":"MINI"}]},{"@type":"WebSite","@id":"https:\/\/dev.digitecmedia.com\/spamovil\/#website","url":"https:\/\/dev.digitecmedia.com\/spamovil\/","name":"Spamovil","description":"BMW Service","potentialAction":[{"@type":"SearchAction","target":{"@type":"EntryPoint","urlTemplate":"https:\/\/dev.digitecmedia.com\/spamovil\/?s={search_term_string}"},"query-input":"required name=search_term_string"}],"inLanguage":"es"},{"@type":"Person","@id":"https:\/\/dev.digitecmedia.com\/spamovil\/#\/schema\/person\/cd32bca60b0120da23d2d92e0c64c22d","name":"desarrollo","image":{"@type":"ImageObject","inLanguage":"es","@id":"https:\/\/dev.digitecmedia.com\/spamovil\/#\/schema\/person\/image\/","url":"https:\/\/secure.gravatar.com\/avatar\/69863194937911436a534158dbd065cc?s=96&d=mm&r=g","contentUrl":"https:\/\/secure.gravatar.com\/avatar\/69863194937911436a534158dbd065cc?s=96&d=mm&r=g","caption":"desarrollo"},"url":"https:\/\/dev.digitecmedia.com\/spamovil\/author\/desarrollo\/"}]}},"_links":{"self":[{"href":"https:\/\/dev.digitecmedia.com\/spamovil\/wp-json\/wp\/v2\/posts\/4445"}],"collection":[{"href":"https:\/\/dev.digitecmedia.com\/spamovil\/wp-json\/wp\/v2\/posts"}],"about":[{"href":"https:\/\/dev.digitecmedia.com\/spamovil\/wp-json\/wp\/v2\/types\/post"}],"author":[{"embeddable":true,"href":"https:\/\/dev.digitecmedia.com\/spamovil\/wp-json\/wp\/v2\/users\/5"}],"replies":[{"embeddable":true,"href":"https:\/\/dev.digitecmedia.com\/spamovil\/wp-json\/wp\/v2\/comments?post=4445"}],"version-history":[{"count":4,"href":"https:\/\/dev.digitecmedia.com\/spamovil\/wp-json\/wp\/v2\/posts\/4445\/revisions"}],"predecessor-version":[{"id":5295,"href":"https:\/\/dev.digitecmedia.com\/spamovil\/wp-json\/wp\/v2\/posts\/4445\/revisions\/5295"}],"wp:featuredmedia":[{"embeddable":true,"href":"https:\/\/dev.digitecmedia.com\/spamovil\/wp-json\/wp\/v2\/media\/5273"}],"wp:attachment":[{"href":"https:\/\/dev.digitecmedia.com\/spamovil\/wp-json\/wp\/v2\/media?parent=4445"}],"wp:term":[{"taxonomy":"category","embeddable":true,"href":"https:\/\/dev.digitecmedia.com\/spamovil\/wp-json\/wp\/v2\/categories?post=4445"},{"taxonomy":"post_tag","embeddable":true,"href":"https:\/\/dev.digitecmedia.com\/spamovil\/wp-json\/wp\/v2\/tags?post=4445"}],"curies":[{"name":"wp","href":"https:\/\/api.w.org\/{rel}","templated":true}]}}